{"id":572,"date":"2021-07-13T09:33:00","date_gmt":"2021-07-13T09:33:00","guid":{"rendered":"http:\/\/lonestarcultura.cat\/?p=572"},"modified":"2022-07-19T11:11:32","modified_gmt":"2022-07-19T11:11:32","slug":"raval-teen-project-premi-barcelona-2020","status":"publish","type":"post","link":"https:\/\/lonestarcultura.cat\/es\/raval-teen-project-premi-barcelona-2020\/","title":{"rendered":"RAVAL TEEN PROJECT, PREMI BARCELONA 2020"},"content":{"rendered":"<p>Una ciutat diversa i plural ha de tenir en compte la seva ciutadania. La multiplicitat de vides i hist\u00f2ries que la configuren, la seva for\u00e7a transformadora i creativa. Les ciutats s\u00f3n espais oberts que han d\u2019escoltar i atendre les necessitats i els anhels de les persones que les conformen.<\/p>\n\n\n\n<p>Entre aquestes persones, les adolescents i joves tenen molt a dir, malgrat que massa sovint no se les t\u00e9 en consideraci\u00f3 en el moment de valorar circumst\u00e0ncies socials i prendre decisions. Moltes vegades no tenen la possibilitat d\u2019assumir responsabilitats que els\/les faran cr\u00e9ixer, l\u2019oportunitat d\u2019integrar-se en un proc\u00e9s realment transformador (per a elles i ells i per a altres). Per assolir aquest objectiu, <strong>les noies i els nois haurien de con\u00e8ixer\/investigar el seu entorn, dialogar amb les ve\u00efnes i els ve\u00efns i convertir-se en altaveus de les seves demandes<\/strong>. Explorar la realitat social m\u00e9s enll\u00e0 del seu cercle immediat i extraure\u2019n conclusions que puguin contribuir a la soluci\u00f3 dels problemes habituals.<\/p>\n\n\n\n<p>Aquest \u00e9s el primer objectiu de RBLS TEEN PROJECT: <strong>donar-los eines per empoderar-los i permetre\u2019ls participar en la presa de decisions als seus districtes i barris<\/strong> gr\u00e0cies a l\u2019estudi de camp que hauran realitzat amb una mirada fresca, neta, honesta. Tractar les i els joves com persones amb criteri, capaces de fer aportacions valuoses a la seva comunitat.<\/p>\n\n\n\n<h2><strong>1. QU\u00c8 \u00c9S RBLS TEEN PROJECT<\/strong><\/h2>\n\n\n\n<p>\u00c9s un projecte sorgit de la col\u00b7laboraci\u00f3 entre <a href=\"https:\/\/www.salafenix.com\/teen-friday-2\/\">TEEN FRIDAY<\/a> (Sala F\u00e8nix) i <a href=\"http:\/\/www.rbls.cat\">RBLS Festival Teatre Jove<\/a>. \u00c9s:<\/p>\n\n\n\n<p>&#8211; un <strong>projecte de ciutat i de ciutadania<\/strong>.<\/p>\n\n\n\n<p>&#8211; un <strong>projecte social per a\/amb adolescents<\/strong>, al voltant de tem\u00e0tiques i realitats que els toquen de prop.<\/p>\n\n\n\n<p>&#8211; un projecte que neix amb l\u2019objectiu que <strong>les i els joves de la ciutat cocre\u00efn i promoguin accions transformadores als seus barris<\/strong> i districtes.<\/p>\n\n\n\n<p>&#8211; un projecte que <strong>involucra activament la xarxa ve\u00efnal i territorial<\/strong> i fomenta relacions que comportin l\u2019enfortiment del suport mutu i del reconeixement de grups, col\u00b7lectius i espais d\u2019acci\u00f3 cultural.<\/p>\n\n\n\n<p>&#8211; un projecte que es fonamenta en <strong>valors d&#8217;interculturalitat i intergeneracionalitat<\/strong>.<\/p>\n\n\n\n<p>&#8211; un <strong>projecte cultural i art\u00edstic<\/strong>: els resultats obtinguts de la investigaci\u00f3 de les i els adolescents donaran peu a una creaci\u00f3 esc\u00e8nica comunit\u00e0ria. Aix\u00f2 vol dir que, juntament amb el grup que participi en el proc\u00e9s d\u2019investigaci\u00f3, n\u2019hi haur\u00e0 d&#8217;altres que realitzaran una proposta esc\u00e8nica, t\u00e8cnica (llums, so), l\u2019escenografia, el vestuari o tasques de suport en producci\u00f3.<\/p>\n\n\n\n<p>I, per comen\u00e7ar el projecte, <strong>treballarem amb noies i nois, associacions i entitats del Raval<\/strong>. La creaci\u00f3 es mostrar\u00e0 el novembre de 2021 en un espai professional i s\u2019obrir\u00e0 a p\u00fablic de tota la ciutat. D\u2019aquesta manera, el ress\u00f2 de la investigaci\u00f3 es multiplicar\u00e0.<\/p>\n\n\n\n<p>En edicions futures, RTP es desenvolupar\u00e0 en barris d\u2019altres districtes de Barcelona. Aquesta primera edici\u00f3, per\u00f2 <strong>\u00e9s el RAVAL TEEN PROJECT, i ha merescut una de les beques Premis Barcelona 2021 a la<\/strong> <strong>innovaci\u00f3 en projectes comunitaris.<\/strong><\/p>\n\n\n\n<h2><strong>2. RAVAL TEEN PROJECT N. 1. HOMO CONSUMER<\/strong><\/h2>\n\n\n\n<p>El col\u00b7lectiu <a href=\"https:\/\/www.mosmaiorum.info\/\"><strong>Mos Maiorum<\/strong><\/a><strong> <\/strong>lidera la primera edici\u00f3 del RTP, centrat al barri del Raval. <strong>Mos Maiorum <\/strong>\u00e9s un col\u00b7lectiu esc\u00e8nic que treballa el teatre documental i de den\u00fancia social, tant en el format com en el contingut, col\u00b7locant l\u2019espectador\/a dins la situaci\u00f3 esc\u00e8nica utilitzant formats immersius.<\/p>\n\n\n\n<p><strong>La investigaci\u00f3 que la companyia realitzar\u00e0 amb les noies i els nois participants girar\u00e0 a l\u2019entorn del consumisme. <\/strong>Venim d\u2019una societat que cada vegada consumeix m\u00e9s degut a l\u2019acceleraci\u00f3 del model establert de capitalisme, el neoliberalisme. Per poder mantenir el sistema, el conjunt de la poblaci\u00f3, les persones treballadores, estem consumint per poder mantenir el sistema i els llocs de treball, cada cop m\u00e9s precaris. Per tant, el consumisme \u00e9s un tema que ens travessa com a societat d\u2019una manera molt punyent.<\/p>\n\n\n\n<p><strong>Amb la pand\u00e8mia, aquest consumisme ha mutat i cada cop \u00e9s m\u00e9s salvatge. Platafomes com Amazon o Glove, entre d\u2019altres, no nom\u00e9s estan afectant al petit comer\u00e7 i a la nostra manera de relacionar-nos amb el consum<\/strong> d\u2019all\u00f2 que necessitem, o no; <strong>sin\u00f3 que han accelerat la precarietat laboral i la pobresa entre la classe treballadora.<\/strong> Els col\u00b7lectius amb qu\u00e8 es treballar\u00e0 aquest tema travessen moltes fases d\u2019aquest consumisme, des del consum propi fins a la precarietat laboral de les seves fam\u00edlies. Tamb\u00e9 es treballar\u00e0 des de la perspectiva de g\u00e8nere, investigant si hi ha m\u00e9s pressi\u00f3 sobre la dona a l\u2019hora de consumir pel que fa a la publicitat i els productes sexualitzats; posarem igualment \u00e8mfasi en el mercat laboral relacionat amb el consumisme. El resultat de la investigaci\u00f3, transformat en proposta esc\u00e8nica comunit\u00e0ria, portar\u00e0 per t\u00edtol <strong>HOMO CONSUMER.<\/strong><\/p>\n\n\n\n<h2><strong>PREMI BARCELONA 2020. Suport al teixit cultural, educatiu i cient\u00edfic<\/strong><\/h2>\n\n\n\n<p>Les beques Premis Barcelona 2020 van ser&nbsp;<strong>creades per l\u2019Institut de Cultura de Barcelona (ICUB)<\/strong>&nbsp;recollint una proposta del Consell de Cultura de la Ciutat, que va decidir transformar els Premis Ciutat de Barcelona en la seva edici\u00f3 de 2020 per tal de&nbsp;<strong>reactivar un sector castigat fortament per la crisi sanit\u00e0ria<\/strong>. Les beques s\u2019emmarquen en el tercer paquet de mesures per donar suport al teixit cultural, educatiu i cient\u00edfic davant les dificultats derivades de la pand\u00e8mia.<\/p>\n\n\n\n<p>Els projectes becats han estat seleccionats d\u2019entre un total de&nbsp;<strong>2.275 candidatures<\/strong>. El 86% corresponen a l\u2019<strong>\u00e0mbit de la cultura<\/strong>, i la resta es reparteixen entre els \u00e0mbits de&nbsp;<strong>ci\u00e8ncia<\/strong>&nbsp;i&nbsp;<strong>educaci\u00f3<\/strong>.<\/p>\n\n\n\n<p>Podeu consultar la relaci\u00f3 de projectes guardonats en <a href=\"https:\/\/www.barcelona.cat\/barcelonacultura\/ca\/suportcultura\/resolucio-de-les-beques-premis-barcelona-2020\">aquest enlla\u00e7<\/a>.<\/p>","protected":false},"excerpt":{"rendered":"<p>Una ciutat diversa i plural ha de tenir en compte la seva ciutadania. La multiplicitat de vides i hist\u00f2ries que la configuren, la seva for\u00e7a transformadora i creativa. Les ciutats s\u00f3n espais oberts que han d\u2019escoltar i atendre les necessitats i els anhels de les persones que les conformen. Entre aquestes persones, les adolescents i [&hellip;]<\/p>","protected":false},"author":1,"featured_media":582,"comment_status":"open","ping_status":"open","sticky":false,"template":"","format":"standard","meta":[],"categories":[1],"tags":[],"_links":{"self":[{"href":"https:\/\/lonestarcultura.cat\/es\/wp-json\/wp\/v2\/posts\/572"}],"collection":[{"href":"https:\/\/lonestarcultura.cat\/es\/wp-json\/wp\/v2\/posts"}],"about":[{"href":"https:\/\/lonestarcultura.cat\/es\/wp-json\/wp\/v2\/types\/post"}],"author":[{"embeddable":true,"href":"https:\/\/lonestarcultura.cat\/es\/wp-json\/wp\/v2\/users\/1"}],"replies":[{"embeddable":true,"href":"https:\/\/lonestarcultura.cat\/es\/wp-json\/wp\/v2\/comments?post=572"}],"version-history":[{"count":3,"href":"https:\/\/lonestarcultura.cat\/es\/wp-json\/wp\/v2\/posts\/572\/revisions"}],"predecessor-version":[{"id":584,"href":"https:\/\/lonestarcultura.cat\/es\/wp-json\/wp\/v2\/posts\/572\/revisions\/584"}],"wp:featuredmedia":[{"embeddable":true,"href":"https:\/\/lonestarcultura.cat\/es\/wp-json\/wp\/v2\/media\/582"}],"wp:attachment":[{"href":"https:\/\/lonestarcultura.cat\/es\/wp-json\/wp\/v2\/media?parent=572"}],"wp:term":[{"taxonomy":"category","embeddable":true,"href":"https:\/\/lonestarcultura.cat\/es\/wp-json\/wp\/v2\/categories?post=572"},{"taxonomy":"post_tag","embeddable":true,"href":"https:\/\/lonestarcultura.cat\/es\/wp-json\/wp\/v2\/tags?post=572"}],"curies":[{"name":"wp","href":"https:\/\/api.w.org\/{rel}","templated":true}]}}